{"id":25765,"date":"2023-05-22T11:18:21","date_gmt":"2023-05-22T09:18:21","guid":{"rendered":"https:\/\/www.tasteoftoulouse.com\/25-ans-de-la-baguette-tradition\/"},"modified":"2023-05-22T11:18:23","modified_gmt":"2023-05-22T09:18:23","slug":"25-ans-de-la-baguette-tradition","status":"publish","type":"post","link":"https:\/\/www.tasteoftoulouse.com\/fr\/25-ans-de-la-baguette-tradition\/","title":{"rendered":"25 ans de &#8220;la baguette tradition&#8221;"},"content":{"rendered":"<h2><span style=\"font-weight: 400;\">C&#8217;est aujourd&#8217;hui le 25e anniversaire du d\u00e9cret du pain en France.<\/span><\/h2>\n<p><span style=\"font-weight: 400;\">Cette loi, adopt\u00e9e le 13 septembre 1993, a impos\u00e9 quel pain avait le droit d&#8217;\u00eatre appel\u00e9 &#8220;pain de tradition fran\u00e7aise&#8221;. La baguette tradition ne peut \u00eatre fabriqu\u00e9e qu&#8217;avec de la farine sans additifs, de l&#8217;eau, du sel et de la levure de boulangerie ou du levain. Elle ne peut \u00eatre congel\u00e9 \u00e0 aucun moment au cours de la production. Lorsque vous vous rendez dans une boulangerie et que vous vous demandez quelle est la diff\u00e9rence entre une &#8220;baguette tradition&#8221; et une baguette ordinaire (parfois appel\u00e9e &#8220;classique&#8221;) moins ch\u00e8re, c&#8217;est cette loi qui a impos\u00e9 une norme de qualit\u00e9 sup\u00e9rieure et un niveau de travail plus \u00e9lev\u00e9 pour &#8220;une tradition&#8221;. Donc, si vous vous demandez si vous devez d\u00e9bourser 10 ou 20 centimes de plus pour la baguette tradition, la r\u00e9ponse est &#8220;ABSOLUMENT&#8221;.<\/span><span style=\"font-weight: 400;\"><br \/>\n<\/span><span style=\"font-weight: 400;\"><br \/>\n<\/span><span style=\"font-weight: 400;\">Si vous \u00eates \u00e0 Toulouse et que vous voulez go\u00fbter aux meilleurs plats de la ville, rejoignez-nous \u00e0 l&#8217;occasion de notre <\/span><a href=\"https:\/\/www.tasteoftoulouse.com\/marche-victor-hugo-tour\/\"><span style=\"font-weight: 400;\">Visite du March\u00e9 Victor Hugo <\/span><\/a><span style=\"font-weight: 400;\">.<\/span><\/p>\n","protected":false},"excerpt":{"rendered":"<p>C&#8217;est aujourd&#8217;hui le 25e anniversaire du d\u00e9cret du pain en France. Cette loi, adopt\u00e9e le 13 septembre 1993, a impos\u00e9 quel pain avait le droit d&#8217;\u00eatre appel\u00e9 &#8220;pain de tradition fran\u00e7aise&#8221;. La baguette tradition ne peut \u00eatre fabriqu\u00e9e qu&#8217;avec de la farine sans additifs, de&#8230;<\/p>\n","protected":false},"author":1,"featured_media":22368,"comment_status":"open","ping_status":"open","sticky":false,"template":"","format":"standard","meta":{"footnotes":""},"categories":[246],"tags":[],"class_list":["post-25765","post","type-post","status-publish","format-standard","has-post-thumbnail","hentry","category-la-nourriture-francaise"],"_links":{"self":[{"href":"https:\/\/www.tasteoftoulouse.com\/fr\/wp-json\/wp\/v2\/posts\/25765","targetHints":{"allow":["GET"]}}],"collection":[{"href":"https:\/\/www.tasteoftoulouse.com\/fr\/wp-json\/wp\/v2\/posts"}],"about":[{"href":"https:\/\/www.tasteoftoulouse.com\/fr\/wp-json\/wp\/v2\/types\/post"}],"author":[{"embeddable":true,"href":"https:\/\/www.tasteoftoulouse.com\/fr\/wp-json\/wp\/v2\/users\/1"}],"replies":[{"embeddable":true,"href":"https:\/\/www.tasteoftoulouse.com\/fr\/wp-json\/wp\/v2\/comments?post=25765"}],"version-history":[{"count":1,"href":"https:\/\/www.tasteoftoulouse.com\/fr\/wp-json\/wp\/v2\/posts\/25765\/revisions"}],"predecessor-version":[{"id":25766,"href":"https:\/\/www.tasteoftoulouse.com\/fr\/wp-json\/wp\/v2\/posts\/25765\/revisions\/25766"}],"wp:featuredmedia":[{"embeddable":true,"href":"https:\/\/www.tasteoftoulouse.com\/fr\/wp-json\/wp\/v2\/media\/22368"}],"wp:attachment":[{"href":"https:\/\/www.tasteoftoulouse.com\/fr\/wp-json\/wp\/v2\/media?parent=25765"}],"wp:term":[{"taxonomy":"category","embeddable":true,"href":"https:\/\/www.tasteoftoulouse.com\/fr\/wp-json\/wp\/v2\/categories?post=25765"},{"taxonomy":"post_tag","embeddable":true,"href":"https:\/\/www.tasteoftoulouse.com\/fr\/wp-json\/wp\/v2\/tags?post=25765"}],"curies":[{"name":"wp","href":"https:\/\/api.w.org\/{rel}","templated":true}]}}